{"id":988,"date":"2021-10-30T17:35:58","date_gmt":"2021-10-30T15:35:58","guid":{"rendered":"https:\/\/lepetitmeudonnais.fr\/?p=988"},"modified":"2022-12-05T23:47:24","modified_gmt":"2022-12-05T22:47:24","slug":"couvent-des-capucins","status":"publish","type":"post","link":"https:\/\/lepetitmeudonnais.fr\/?p=988","title":{"rendered":"Couvent des capucins"},"content":{"rendered":"<p>Le couvent des Capucins de Meudon est un couvent fran\u00e7ais fond\u00e9 dans la deuxi\u00e8me moiti\u00e9 du xvie si\u00e8cle \u00e0 Meudon dans l&rsquo;actuel d\u00e9partement des Hauts-de-Seine et disparu durant la R\u00e9volution fran\u00e7aise. Ce fut le premier couvent des Capucins en France.<\/p>\n<p>Il \u00e9tait situ\u00e9 \u00e0 c\u00f4t\u00e9 des jardins hauts du ch\u00e2teau de Meudon, entre la Grande Terrasse de Meudon et le ch\u00e2teau de Bellevue. La rue des Capucins et la rue de l&rsquo;Abbaye lui doivent leur nom.<\/p>\n","protected":false},"excerpt":{"rendered":"<p>Le couvent des Capucins de Meudon est un couvent fran\u00e7ais fond\u00e9 dans la deuxi\u00e8me moiti\u00e9 du xvie si\u00e8cle \u00e0 Meudon dans l&rsquo;actuel d\u00e9partement des Hauts-de-Seine et disparu durant la R\u00e9volution fran\u00e7aise. Ce fut le premier couvent des Capucins en France. Il \u00e9tait situ\u00e9 \u00e0 c\u00f4t\u00e9 des jardins hauts du ch\u00e2teau de Meudon, entre la Grande&#8230;<\/p>\n","protected":false},"author":1,"featured_media":411,"comment_status":"closed","ping_status":"closed","sticky":false,"template":"","format":"image","meta":{"footnotes":""},"categories":[116,197,125,107,242],"tags":[241,25],"class_list":["post-988","post","type-post","status-publish","format-image","has-post-thumbnail","hentry","category-bellevue","category-carte","category-meudon","category-plan","category-xvieme-siecle","tag-couvent-des-capucins","tag-meudon","post_format-post-format-image"],"_links":{"self":[{"href":"https:\/\/lepetitmeudonnais.fr\/index.php?rest_route=\/wp\/v2\/posts\/988","targetHints":{"allow":["GET"]}}],"collection":[{"href":"https:\/\/lepetitmeudonnais.fr\/index.php?rest_route=\/wp\/v2\/posts"}],"about":[{"href":"https:\/\/lepetitmeudonnais.fr\/index.php?rest_route=\/wp\/v2\/types\/post"}],"author":[{"embeddable":true,"href":"https:\/\/lepetitmeudonnais.fr\/index.php?rest_route=\/wp\/v2\/users\/1"}],"replies":[{"embeddable":true,"href":"https:\/\/lepetitmeudonnais.fr\/index.php?rest_route=%2Fwp%2Fv2%2Fcomments&post=988"}],"version-history":[{"count":2,"href":"https:\/\/lepetitmeudonnais.fr\/index.php?rest_route=\/wp\/v2\/posts\/988\/revisions"}],"predecessor-version":[{"id":990,"href":"https:\/\/lepetitmeudonnais.fr\/index.php?rest_route=\/wp\/v2\/posts\/988\/revisions\/990"}],"wp:featuredmedia":[{"embeddable":true,"href":"https:\/\/lepetitmeudonnais.fr\/index.php?rest_route=\/wp\/v2\/media\/411"}],"wp:attachment":[{"href":"https:\/\/lepetitmeudonnais.fr\/index.php?rest_route=%2Fwp%2Fv2%2Fmedia&parent=988"}],"wp:term":[{"taxonomy":"category","embeddable":true,"href":"https:\/\/lepetitmeudonnais.fr\/index.php?rest_route=%2Fwp%2Fv2%2Fcategories&post=988"},{"taxonomy":"post_tag","embeddable":true,"href":"https:\/\/lepetitmeudonnais.fr\/index.php?rest_route=%2Fwp%2Fv2%2Ftags&post=988"}],"curies":[{"name":"wp","href":"https:\/\/api.w.org\/{rel}","templated":true}]}}