{"id":912,"date":"2021-10-30T04:45:13","date_gmt":"2021-10-30T02:45:13","guid":{"rendered":"https:\/\/lepetitmeudonnais.fr\/?p=912"},"modified":"2021-10-30T17:09:11","modified_gmt":"2021-10-30T15:09:11","slug":"la-commune-a-meudon-extrait-dune-histoire-de-la-commune-de-paris-de-pierre-vesinier","status":"publish","type":"post","link":"https:\/\/lepetitmeudonnais.fr\/?p=912","title":{"rendered":"La Commune \u00e0 Meudon &#8211; Extrait d&rsquo;une histoire de la Commune de Paris de Pierre V\u00e9sinier:"},"content":{"rendered":"<p><strong>Extrait d&rsquo;une histoire de la Commune de Paris de Pierre V\u00e9sinier:<\/strong><\/p>\n<p>\u00ab\u00a0Les premiers coups de fusil sont partis du Bas-Meudon, \u00e0 sept heures. L\u2019action s\u2019est \u00e9tendue ensuite, dans la direction des bois, sur le territoire des Moulineaux et du Val-Fleury, o\u00f9 elle a pris les proportions d\u2019un v\u00e9ritable combat.<br \/>\nLes gardiens de la paix et la gendarmerie occupaient les hauteurs de Meudon, la terrasse du ch\u00e2teau, o\u00f9 deux batteries avaient \u00e9t\u00e9 \u00e9tablies \u00e0 la h\u00e2te.<br \/>\nSur tous les points, la fusillade est vive.<br \/>\nLes mitrailleuses font entendre leur cr\u00e9pitation sinistre. L\u2019artillerie du fort d\u2019Issy tonne contre les batteries \u00e9tablies sur les terrasses du ch\u00e2teau de Meudon. Les pi\u00e8ces de campagne des f\u00e9d\u00e9r\u00e9s vomissent la mitraille. C\u2019est un tonnerre de d\u00e9tonations simultan\u00e9es dont on n\u2019a pas eu d\u2019exemple, m\u00eame au plus fort du bombardement prussien.<br \/>\nLes postes avanc\u00e9s des Versaillais sont attaqu\u00e9s avec vigueur. Partout ces derniers sont d\u00e9log\u00e9s de leurs positions par les gardes nationaux. La verrerie de S\u00e8vres est \u00e9vacu\u00e9e pr\u00e9cipitamment par les gendarmes, qui se sauvent \u00e0 toutes jambes.<br \/>\nPour s\u2019opposer au passage des f\u00e9d\u00e9r\u00e9s, et peut-\u00eatre aussi, pour se soustraire au feu incessant du fort d\u2019Issy, les artilleurs du ch\u00e2teau de Meudon ont transport\u00e9 leurs batteries sur Montalets ; mais deux pi\u00e8ces de 7 vont se porter sur le Val-Fleury et forcer les artilleurs \u00e0 quitter cette position. Leurs pi\u00e8ces attel\u00e9es sont dirig\u00e9es non plus sur la terrasse, mais sur les hauteurs de Meudon, au dessus du ch\u00e2teau.<br \/>\nVoici, heure par heure, les progr\u00e8s de l\u2019attaque faite par le centre des f\u00e9d\u00e9r\u00e9s contre les Versaillais :<br \/>\n\u00c0 neuf heures, l\u2019attaque s\u2019\u00e9tend sur toute la ligne. Pris \u00e0 revers par les f\u00e9d\u00e9r\u00e9s, dont la fusillade et les mitrailleuses se font entendre dans les bois de Meudon, de Viroflay, de Jouy, du hameau de V\u00e9lizy et de la Gr\u00e2ce-de-Dieu, les artilleurs, \u00e0 peine \u00e9tablis, attellent leurs canons et gagnent les hauteurs de Meudon.<br \/>\nLa verrerie de Meudon, servant de poste \u00e0 des gendarmes, est attaqu\u00e9e. Devant des forces consid\u00e9rables, toute r\u00e9sistance devenant impossible, le poste est abandonn\u00e9 et les gendarmes descendent \u00e0 toutes jambes pour se soustraire aux coups de fusil.<br \/>\n\u00c0 dix heures, des gardes nationaux gravissent par des chemins de traverse, et au milieu des champs, les hauteurs de Clamart et de Ch\u00e2tillon ; d\u2019autres passent dans le village de Clamart, se dirigeant sur la redoute de Ch\u00e2tillon. Quinze pi\u00e8ces de canon, solidement attel\u00e9es, d\u00e9filent dans les rues. Un d\u00e9tachement, venant du fort d\u2019Issy, campe \u00e0 l\u2019entr\u00e9e du village.<br \/>\n\u00c0 onze heures, le combat devient acharn\u00e9 sur la ligne du bois de Meudon et dans les rues du Val-Fleury. &#8230;<\/p>\n<p>Suite (et d\u00e9but) \u00e0 lire sur wikisource:https:\/\/fr.wikisource.org\/wiki\/Histoire_de_la_Commune_de_Paris\/B2?fbclid=IwAR3apF3Ve8mMfXfNH1bZMIwfovtB6PgYNLvQMNqC5Z80pbC1qskfQqQulQs<\/p>\n","protected":false},"excerpt":{"rendered":"<p>Extrait d&rsquo;une histoire de la Commune de Paris de Pierre V\u00e9sinier: \u00ab\u00a0Les premiers coups de fusil sont partis du Bas-Meudon, \u00e0 sept heures. L\u2019action s\u2019est \u00e9tendue ensuite, dans la direction des bois, sur le territoire des Moulineaux et du Val-Fleury, o\u00f9 elle a pris les proportions d\u2019un v\u00e9ritable combat. Les gardiens de la paix et&#8230;<\/p>\n","protected":false},"author":1,"featured_media":913,"comment_status":"closed","ping_status":"closed","sticky":false,"template":"","format":"standard","meta":{"footnotes":""},"categories":[194,125,129,30],"tags":[207,206,195,25,208],"class_list":["post-912","post","type-post","status-publish","format-standard","has-post-thumbnail","hentry","category-litterature","category-meudon","category-meudon-centre","category-xixeme-siecle","tag-commune-de-paris","tag-histoire","tag-litterature","tag-meudon","tag-texte"],"_links":{"self":[{"href":"https:\/\/lepetitmeudonnais.fr\/index.php?rest_route=\/wp\/v2\/posts\/912","targetHints":{"allow":["GET"]}}],"collection":[{"href":"https:\/\/lepetitmeudonnais.fr\/index.php?rest_route=\/wp\/v2\/posts"}],"about":[{"href":"https:\/\/lepetitmeudonnais.fr\/index.php?rest_route=\/wp\/v2\/types\/post"}],"author":[{"embeddable":true,"href":"https:\/\/lepetitmeudonnais.fr\/index.php?rest_route=\/wp\/v2\/users\/1"}],"replies":[{"embeddable":true,"href":"https:\/\/lepetitmeudonnais.fr\/index.php?rest_route=%2Fwp%2Fv2%2Fcomments&post=912"}],"version-history":[{"count":1,"href":"https:\/\/lepetitmeudonnais.fr\/index.php?rest_route=\/wp\/v2\/posts\/912\/revisions"}],"predecessor-version":[{"id":914,"href":"https:\/\/lepetitmeudonnais.fr\/index.php?rest_route=\/wp\/v2\/posts\/912\/revisions\/914"}],"wp:featuredmedia":[{"embeddable":true,"href":"https:\/\/lepetitmeudonnais.fr\/index.php?rest_route=\/wp\/v2\/media\/913"}],"wp:attachment":[{"href":"https:\/\/lepetitmeudonnais.fr\/index.php?rest_route=%2Fwp%2Fv2%2Fmedia&parent=912"}],"wp:term":[{"taxonomy":"category","embeddable":true,"href":"https:\/\/lepetitmeudonnais.fr\/index.php?rest_route=%2Fwp%2Fv2%2Fcategories&post=912"},{"taxonomy":"post_tag","embeddable":true,"href":"https:\/\/lepetitmeudonnais.fr\/index.php?rest_route=%2Fwp%2Fv2%2Ftags&post=912"}],"curies":[{"name":"wp","href":"https:\/\/api.w.org\/{rel}","templated":true}]}}