{"id":904,"date":"2021-10-30T04:37:04","date_gmt":"2021-10-30T02:37:04","guid":{"rendered":"https:\/\/lepetitmeudonnais.fr\/?p=904"},"modified":"2021-10-30T10:12:11","modified_gmt":"2021-10-30T08:12:11","slug":"meudon-de-victor-hugo","status":"publish","type":"post","link":"https:\/\/lepetitmeudonnais.fr\/?p=904","title":{"rendered":"Meudon de Victor Hugo  (extrait des chansons des rues et des bois de 1865)"},"content":{"rendered":"<p><strong>MEUDON.<\/strong><br \/>\nPourquoi pas mont\u00e9s sur des \u00e2nes ?<br \/>\nPourquoi pas au bois de Meudon ?<br \/>\nLes s\u00e9v\u00e8res sont les profanes ;<br \/>\nIci tout est joie et pardon.<br \/>\nRien n\u2019est tel que cette ombre verte,<br \/>\nEt que ce calme un peu moqueur,<br \/>\nPour aller \u00e0 la d\u00e9couverte<br \/>\nTout au fond de son propre c\u0153ur.<br \/>\nOn chante. L\u2019\u00e9t\u00e9 nous procure<br \/>\nUn bois pour nous perdre. \u00d4 buissons !<br \/>\nL\u2019amour met dans la mousse obscure<br \/>\nLa fin de toutes les chansons.<br \/>\nParis foule ces violettes ;<br \/>\nBreda, terre o\u00f9 Ninon d\u00e9chut,<br \/>\nY r\u00e9pand ces vives toilettes<br \/>\n\u00c0 qui l\u2019on dirait presque : chut !<br \/>\nPrenez garde \u00e0 ce lieu fantasque !<br \/>\n\u00c8ve \u00e0 Meudon ach\u00e8vera<br \/>\nLe rire \u00e9bauch\u00e9 sous le masque<br \/>\nAvec le diable \u00e0 l\u2019Op\u00e9ra.<br \/>\nLe d\u00e9mon dans ces bois repose ;<br \/>\nNon le grand vieux Satan fourchu ;<br \/>\nMais ce petit belz\u00e9buth rose<br \/>\nQu\u2019Agn\u00e8s cache dans son fichu.<br \/>\nOn entre plein de chaste flamme,<br \/>\nL\u2019\u0153il au ciel, le c\u0153ur dilat\u00e9 ;<br \/>\nOn est ici conduit par l\u2019\u00e2me,<br \/>\nMais par le faune on est guett\u00e9.<br \/>\nLa source, c\u2019est la nymphe nue ;<br \/>\nL\u2019ombre au doigt vous passe un anneau ;<br \/>\nEt le liseron insinue<br \/>\nCe que conseille le moineau.<br \/>\nTout chante ; et pas de fausses notes.<br \/>\nL\u2019hymne est tendre ; et l\u2019esprit de corps<br \/>\nDes fauvettes et des linottes<br \/>\n\u00c9clate en ces profonds accords.<br \/>\nIci l\u2019aveu que l\u2019\u00e2me couve<br \/>\n\u00c9chappe aux c\u0153urs les plus discrets ;<br \/>\nLa clef des champs qu\u2019\u00e0 terre on trouve<br \/>\nOuvre le tiroir aux secrets.<br \/>\nIci l\u2019on sent, dans l\u2019harmonie.<br \/>\nTout ce que le grand Pan cach\u00e9<br \/>\nPeut m\u00ealer de vague ironie<br \/>\nAu bois sombre o\u00f9 r\u00eave Psych\u00e9.<br \/>\nLes belles deviennent jolies ;<br \/>\nLes cupidons viennent et vont ;<br \/>\nLes roses disent des folies.<br \/>\nEt les chardonnerets en font.<br \/>\nLa vaste gen\u00e8se est tourn\u00e9e<br \/>\nVers son but : rena\u00eetre \u00e0 jamais.<br \/>\nTout vibre ; on sent de l\u2019hym\u00e9n\u00e9e<br \/>\nEt de l\u2019amour sur les sommets.<br \/>\nTout veut que tout vive et revive,<br \/>\nEt que les c\u0153urs et que les nids,<br \/>\nL\u2019aube et l\u2019azur, l\u2019onde et la rive,<br \/>\nEt l\u2019\u00e2me et Dieu, soient infinis.<br \/>\nIl faut aimer. Et sous l\u2019yeuse,<br \/>\nOn sent, dans les beaux soirs d\u2019\u00e9t\u00e9,<br \/>\nLa profondeur myst\u00e9rieuse<br \/>\nDe cette immense volont\u00e9.<br \/>\nCachant son feu sous sa main rose,<br \/>\nLa vestale ici n\u2019entendrait<br \/>\nQue le sarcasme grandiose<br \/>\nDe l\u2019aurore et de la for\u00eat.<br \/>\nLe printemps est une revanche.<br \/>\nCe bois sait \u00e0 quel point les thyms,<br \/>\nLes joncs, les saules, la pervenche,<br \/>\nEt l\u2019\u00e9glantier, sont libertins.<br \/>\nLa branche c\u00e8de, l\u2019herbe plie ;<br \/>\nL\u2019oiseau rit du prix Montyon ;<br \/>\nToute la nature est remplie<br \/>\nDe rappels \u00e0 la question.<br \/>\nLe hallier sauvage est bien aise<br \/>\nSous l\u2019\u0153il serein de J\u00e9hovah,<br \/>\nQuand un papillon d\u00e9niaise<br \/>\nUne violette, et s\u2019en va.<br \/>\nJe me souviens qu\u2019en mon bas \u00e2ge,<br \/>\nAyant \u00e0 peine dix-sept ans,<br \/>\nMa candeur un jour fit usage<br \/>\nDe tous ces vieux rameaux flottants.<br \/>\nJ\u2019employai, r\u00f4dant avec celle<br \/>\nQu\u2019admiraient mes regards heureux,<br \/>\nToute cette ombre o\u00f9 l\u2019on chancelle,<br \/>\n\u00c0 me rendre plus amoureux.<br \/>\nNous f\u00eemes des canap\u00e9s d\u2019herbes ;<br \/>\nNous nous gris\u00e2mes de lilas ;<br \/>\nNous palpitions, joyeux, superbes,<br \/>\n\u00c9blouis, innocents, h\u00e9las !<br \/>\nPench\u00e9s sur tout, nous respir\u00e2mes<br \/>\nL\u2019arbre, le pr\u00e9, la fleur, V\u00e9nus ;<br \/>\nIvres, nous remplissions nos \u00e2mes<br \/>\nDe tous les souffles inconnus.<br \/>\nNos baisers devenaient \u00e9tranges,<br \/>\nDe sorte que, sous ces berceaux,<br \/>\nApr\u00e8s avoir \u00e9t\u00e9 deux anges,<br \/>\nNous n\u2019\u00e9tions plus que deux oiseaux.<br \/>\nC\u2019\u00e9tait l\u2019heure o\u00f9 le nid se couche,<br \/>\nO\u00f9 dans le soir tout se confond ;<br \/>\nUne grande lune farouche<br \/>\nRougissait dans le bois profond.<br \/>\nL\u2019enfant, douce comme une f\u00eate,<br \/>\nQui m\u2019avait en chantant suivi,<br \/>\nCommen\u00e7ait, p\u00e2le et stup\u00e9faite,<br \/>\n\u00c0 trembler de mon \u0153il ravi ;<br \/>\nSon sein soulevait la dentelle\u2026<br \/>\nHom\u00e8re ! \u00f4 brouillard de l\u2019Ida !<br \/>\n\u2014 Marions-nous ! s\u2019\u00e9cria-t-elle,<br \/>\nEt la belle fille gronda :<br \/>\n\u2014 Cherche un pr\u00eatre, et sans plus attendre,<br \/>\nQu\u2019il nous marie avec deux mots. \u2014<br \/>\nPuis elle reprit, sans entendre<br \/>\nLe chuchotement des rameaux.<br \/>\nSans remarquer dans ce myst\u00e8re<br \/>\nLe profil des buissons railleurs :<br \/>\n\u2014 Mais o\u00f9 donc est le presbyt\u00e8re ?<br \/>\nQuel est le pr\u00eatre de ces fleurs ? \u2014<br \/>\nUn vieux ch\u00eane \u00e9tait l\u00e0 ; sa tige<br \/>\nE\u00fbt orn\u00e9 le seuil d\u2019un palais.<br \/>\n\u2014 Le cur\u00e9 de Meudon ? lui dis-je.<br \/>\nL\u2019arbre me dit : \u2014 C\u2019est Rabelais.<\/p>\n","protected":false},"excerpt":{"rendered":"<p>MEUDON. Pourquoi pas mont\u00e9s sur des \u00e2nes ? Pourquoi pas au bois de Meudon ? Les s\u00e9v\u00e8res sont les profanes ; Ici tout est joie et pardon. Rien n\u2019est tel que cette ombre verte, Et que ce calme un peu moqueur, Pour aller \u00e0 la d\u00e9couverte Tout au fond de son propre c\u0153ur. On chante&#8230;.<\/p>\n","protected":false},"author":1,"featured_media":966,"comment_status":"closed","ping_status":"closed","sticky":false,"template":"","format":"image","meta":{"footnotes":""},"categories":[114,194,30],"tags":[195,203,229,230],"class_list":["post-904","post","type-post","status-publish","format-image","has-post-thumbnail","hentry","category-foret-de-meudon","category-litterature","category-xixeme-siecle","tag-litterature","tag-poeme","tag-poesie","tag-victor-hugo","post_format-post-format-image"],"_links":{"self":[{"href":"https:\/\/lepetitmeudonnais.fr\/index.php?rest_route=\/wp\/v2\/posts\/904","targetHints":{"allow":["GET"]}}],"collection":[{"href":"https:\/\/lepetitmeudonnais.fr\/index.php?rest_route=\/wp\/v2\/posts"}],"about":[{"href":"https:\/\/lepetitmeudonnais.fr\/index.php?rest_route=\/wp\/v2\/types\/post"}],"author":[{"embeddable":true,"href":"https:\/\/lepetitmeudonnais.fr\/index.php?rest_route=\/wp\/v2\/users\/1"}],"replies":[{"embeddable":true,"href":"https:\/\/lepetitmeudonnais.fr\/index.php?rest_route=%2Fwp%2Fv2%2Fcomments&post=904"}],"version-history":[{"count":3,"href":"https:\/\/lepetitmeudonnais.fr\/index.php?rest_route=\/wp\/v2\/posts\/904\/revisions"}],"predecessor-version":[{"id":967,"href":"https:\/\/lepetitmeudonnais.fr\/index.php?rest_route=\/wp\/v2\/posts\/904\/revisions\/967"}],"wp:featuredmedia":[{"embeddable":true,"href":"https:\/\/lepetitmeudonnais.fr\/index.php?rest_route=\/wp\/v2\/media\/966"}],"wp:attachment":[{"href":"https:\/\/lepetitmeudonnais.fr\/index.php?rest_route=%2Fwp%2Fv2%2Fmedia&parent=904"}],"wp:term":[{"taxonomy":"category","embeddable":true,"href":"https:\/\/lepetitmeudonnais.fr\/index.php?rest_route=%2Fwp%2Fv2%2Fcategories&post=904"},{"taxonomy":"post_tag","embeddable":true,"href":"https:\/\/lepetitmeudonnais.fr\/index.php?rest_route=%2Fwp%2Fv2%2Ftags&post=904"}],"curies":[{"name":"wp","href":"https:\/\/api.w.org\/{rel}","templated":true}]}}