{"id":588,"date":"2021-10-28T16:31:06","date_gmt":"2021-10-28T14:31:06","guid":{"rendered":"https:\/\/lepetitmeudonnais.fr\/?p=588"},"modified":"2021-10-28T21:00:28","modified_gmt":"2021-10-28T19:00:28","slug":"grande-fete-champetre-foret-de-meudon-a-la-patte-doie-1925-entete-des-jeunesses-communistes","status":"publish","type":"post","link":"https:\/\/lepetitmeudonnais.fr\/?p=588","title":{"rendered":"Grande f\u00eate champ\u00eatre, for\u00eat de Meudon, \u00e0 la Patte d&rsquo;oie 1925 &#8211; Ent\u00eate des jeunesses communistes"},"content":{"rendered":"","protected":false},"excerpt":{"rendered":"","protected":false},"author":1,"featured_media":545,"comment_status":"closed","ping_status":"closed","sticky":false,"template":"","format":"image","meta":{"footnotes":""},"categories":[114,23,29],"tags":[38,70,69,35,25],"class_list":["post-588","post","type-post","status-publish","format-image","has-post-thumbnail","hentry","category-foret-de-meudon","category-photographie","category-xxeme-siecle","tag-annees-1920","tag-communisme","tag-fete","tag-foret-de-meudon","tag-meudon","post_format-post-format-image"],"_links":{"self":[{"href":"https:\/\/lepetitmeudonnais.fr\/index.php?rest_route=\/wp\/v2\/posts\/588","targetHints":{"allow":["GET"]}}],"collection":[{"href":"https:\/\/lepetitmeudonnais.fr\/index.php?rest_route=\/wp\/v2\/posts"}],"about":[{"href":"https:\/\/lepetitmeudonnais.fr\/index.php?rest_route=\/wp\/v2\/types\/post"}],"author":[{"embeddable":true,"href":"https:\/\/lepetitmeudonnais.fr\/index.php?rest_route=\/wp\/v2\/users\/1"}],"replies":[{"embeddable":true,"href":"https:\/\/lepetitmeudonnais.fr\/index.php?rest_route=%2Fwp%2Fv2%2Fcomments&post=588"}],"version-history":[{"count":1,"href":"https:\/\/lepetitmeudonnais.fr\/index.php?rest_route=\/wp\/v2\/posts\/588\/revisions"}],"predecessor-version":[{"id":589,"href":"https:\/\/lepetitmeudonnais.fr\/index.php?rest_route=\/wp\/v2\/posts\/588\/revisions\/589"}],"wp:featuredmedia":[{"embeddable":true,"href":"https:\/\/lepetitmeudonnais.fr\/index.php?rest_route=\/wp\/v2\/media\/545"}],"wp:attachment":[{"href":"https:\/\/lepetitmeudonnais.fr\/index.php?rest_route=%2Fwp%2Fv2%2Fmedia&parent=588"}],"wp:term":[{"taxonomy":"category","embeddable":true,"href":"https:\/\/lepetitmeudonnais.fr\/index.php?rest_route=%2Fwp%2Fv2%2Fcategories&post=588"},{"taxonomy":"post_tag","embeddable":true,"href":"https:\/\/lepetitmeudonnais.fr\/index.php?rest_route=%2Fwp%2Fv2%2Ftags&post=588"}],"curies":[{"name":"wp","href":"https:\/\/api.w.org\/{rel}","templated":true}]}}