{"id":3047,"date":"2026-04-25T16:21:09","date_gmt":"2026-04-25T14:21:09","guid":{"rendered":"https:\/\/lepetitmeudonnais.fr\/?p=3047"},"modified":"2026-04-25T16:21:50","modified_gmt":"2026-04-25T14:21:50","slug":"vue-generale-de-paris-vu-de-meudon-par","status":"publish","type":"post","link":"https:\/\/lepetitmeudonnais.fr\/?p=3047","title":{"rendered":"Vue g\u00e9n\u00e9rale de Paris vu de Meudon par Roger Henrard"},"content":{"rendered":"<p>Cr\u00e9dit: Mus\u00e9e Carnavalet, Histoire de Paris<\/p>\n","protected":false},"excerpt":{"rendered":"<p>Cr\u00e9dit: Mus\u00e9e Carnavalet, Histoire de Paris<\/p>\n","protected":false},"author":1,"featured_media":3021,"comment_status":"closed","ping_status":"closed","sticky":false,"template":"","format":"standard","meta":{"footnotes":""},"categories":[125,23],"tags":[25,329,19,517],"class_list":["post-3047","post","type-post","status-publish","format-standard","has-post-thumbnail","hentry","category-meudon","category-photographie","tag-meudon","tag-paris","tag-photographie","tag-roger-henrard"],"_links":{"self":[{"href":"https:\/\/lepetitmeudonnais.fr\/index.php?rest_route=\/wp\/v2\/posts\/3047","targetHints":{"allow":["GET"]}}],"collection":[{"href":"https:\/\/lepetitmeudonnais.fr\/index.php?rest_route=\/wp\/v2\/posts"}],"about":[{"href":"https:\/\/lepetitmeudonnais.fr\/index.php?rest_route=\/wp\/v2\/types\/post"}],"author":[{"embeddable":true,"href":"https:\/\/lepetitmeudonnais.fr\/index.php?rest_route=\/wp\/v2\/users\/1"}],"replies":[{"embeddable":true,"href":"https:\/\/lepetitmeudonnais.fr\/index.php?rest_route=%2Fwp%2Fv2%2Fcomments&post=3047"}],"version-history":[{"count":3,"href":"https:\/\/lepetitmeudonnais.fr\/index.php?rest_route=\/wp\/v2\/posts\/3047\/revisions"}],"predecessor-version":[{"id":3050,"href":"https:\/\/lepetitmeudonnais.fr\/index.php?rest_route=\/wp\/v2\/posts\/3047\/revisions\/3050"}],"wp:featuredmedia":[{"embeddable":true,"href":"https:\/\/lepetitmeudonnais.fr\/index.php?rest_route=\/wp\/v2\/media\/3021"}],"wp:attachment":[{"href":"https:\/\/lepetitmeudonnais.fr\/index.php?rest_route=%2Fwp%2Fv2%2Fmedia&parent=3047"}],"wp:term":[{"taxonomy":"category","embeddable":true,"href":"https:\/\/lepetitmeudonnais.fr\/index.php?rest_route=%2Fwp%2Fv2%2Fcategories&post=3047"},{"taxonomy":"post_tag","embeddable":true,"href":"https:\/\/lepetitmeudonnais.fr\/index.php?rest_route=%2Fwp%2Fv2%2Ftags&post=3047"}],"curies":[{"name":"wp","href":"https:\/\/api.w.org\/{rel}","templated":true}]}}